{"id":177,"date":"2017-11-21T00:00:00","date_gmt":"2017-11-21T02:00:00","guid":{"rendered":"http:\/\/54.94.145.33\/blog\/como-o-gestor-publico-pode-ser-assertivo-na-comunicacao-10-dicas-praticas"},"modified":"2021-10-28T09:49:31","modified_gmt":"2021-10-28T12:49:31","slug":"como-o-gestor-publico-pode-ser-assertivo-na-comunicacao-10-dicas-praticas","status":"publish","type":"post","link":"https:\/\/www.betha.com.br\/blog\/como-o-gestor-publico-pode-ser-assertivo-na-comunicacao-10-dicas-praticas\/","title":{"rendered":"Como o gestor p\u00fablico pode ser assertivo na comunica\u00e7\u00e3o? 10 dicas pr\u00e1ticas"},"content":{"rendered":"<p>Na ess\u00eancia, para que a comunica\u00e7\u00e3o ocorra, n\u00e3o basta que o emissor envie a mensagem. O ponto chave \u00e9 o receptor receber e entender aquilo que o emissor comunicou. Na pr\u00e1tica, no entanto, este processo \u00e9 bem mais complexo. As pessoas entendem mensagens de formas diferentes, porque fazem associa\u00e7\u00f5es com mensagens anteriores, experi\u00eancias, cren\u00e7as, cultura, toda sua bagagem de vida.&nbsp;<\/p>\n<p>Mas se n\u00e3o \u00e9 o que voc\u00ea fala, e sim o que a pessoa entende o que fica gravado, como ser assertivo na comunica\u00e7\u00e3o?<\/p>\n<p>1 &#8211; Conhe\u00e7a seu p\u00fablico: para cada oportunidade de se comunicar, pesquise ou reflita sobre quem vai ouvir a mensagem. Vale escolaridade, faixa et\u00e1ria, h\u00e1bitos regionais e outras quest\u00f5es comuns \u00e0quele p\u00fablico.<\/p>\n<p>2 &#8211; Direcione a mensagem: assim que voc\u00ea identificou o perfil do p\u00fablico, prepare sua comunica\u00e7\u00e3o de forma personalizada, para que haja maior probabilidade das pessoas se identificarem com a mensagem e assim entend\u00ea-la melhor.<\/p>\n<p>3 &#8211; Seja objetivo: principalmente quando o p\u00fablico for muito miscigenado, procure ser mais simples poss\u00edvel, menos palavras complexas e mais mensagens objetivas. As pessoas come\u00e7am a perder a aten\u00e7\u00e3o e o interesse quando n\u00e3o entendem a mensagem.<\/p>\n<p>4 &#8211; Use o canal certo: os canais de comunica\u00e7\u00e3o t\u00eam suas caracter\u00edsticas espec\u00edficas e p\u00fablicos segmentados. Pesquise os canais que voc\u00ea tem interesse e direcione a mensagem na linguagem ideal, que pode ser mais jovem, mais informativa&#8230;<\/p>\n<p>5 &#8211; Mostre a solu\u00e7\u00e3o: o foco da mensagem n\u00e3o pode ser negativo, apontando problemas sem mostrar a solu\u00e7\u00e3o. Esse \u00e9 o papel dos notici\u00e1rios. J\u00e1 o bom gestor p\u00fablico sabe sim das dificuldades, mas entende que seu papel \u00e9 apontar os caminhos, na pr\u00e1tica, daquilo que precisa ser feito para uma cidade melhor.<\/p>\n<p>6 &#8211; Conte hist\u00f3rias: hist\u00f3rias t\u00eam o poder de captar a aten\u00e7\u00e3o das pessoas. Quando algu\u00e9m ouve uma hist\u00f3ria, se coloca na cena que est\u00e1 sendo contada e isso faz com que o momento seja muito mais marcante.<\/p>\n<p>7 &#8211; Use mais de um recurso: algumas pessoas s\u00e3o visuais, precisam de materiais como apresenta\u00e7\u00f5es digitais, fotos, v\u00eddeos. Outras precisam de recursos auditivos. Pense em atender a todos esses perfis.<\/p>\n<p>8 &#8211; Fale a verdade: uma fala mentirosa, al\u00e9m de ser anti\u00e9tica, ainda pode ser facilmente percebida, o que destr\u00f3i a parte verdadeira do discurso.<\/p>\n<p>9 &#8211; N\u00e3o prometa o que n\u00e3o pode cumprir: tamb\u00e9m anti\u00e9tico, al\u00e9m de comprometer a continuidade da sua carreira. Os recursos tecnol\u00f3gicos est\u00e3o ajudando as pessoas a lembrarem das promessas n\u00e3o cumpridas.<\/p>\n<p>10 &#8211; E a regra de ouro: construa a mensagem com o in\u00edcio impactante, o meio relevante e o final emocionante. Estes tr\u00eas elementos s\u00e3o fundamentais para prender a aten\u00e7\u00e3o de qualquer pessoa.&nbsp;<\/p>\n<p>Acreditamos que com essas 10 dicas voc\u00ea poder\u00e1 emitir sua mensagem, ser compreendido e ir al\u00e9m, despertar o engajamento das pessoas. Depois s\u00e3o s\u00f3 aplausos.<\/p>\n","protected":false},"excerpt":{"rendered":"<p>Na ess\u00eancia, para que a comunica\u00e7\u00e3o ocorra, n\u00e3o basta que o emissor envie a mensagem. O ponto chave \u00e9 o receptor receber e entender aquilo que o emissor comunicou. Na pr\u00e1tica, no entanto, este processo \u00e9 bem mais complexo. As pessoas entendem mensagens de formas diferentes, porque fazem associa\u00e7\u00f5es com mensagens anteriores, experi\u00eancias, cren\u00e7as, cultura, &hellip; <\/p>\n<p class=\"link-more\"><a href=\"https:\/\/www.betha.com.br\/blog\/como-o-gestor-publico-pode-ser-assertivo-na-comunicacao-10-dicas-praticas\/\" class=\"more-link\">Continue lendo<span class=\"screen-reader-text\"> &#8220;Como o gestor p\u00fablico pode ser assertivo na comunica\u00e7\u00e3o? 10 dicas pr\u00e1ticas&#8221;<\/span><\/a><\/p>\n","protected":false},"author":2,"featured_media":2232,"comment_status":"open","ping_status":"open","sticky":false,"template":"","format":"standard","meta":[],"categories":[29,19],"tags":[11],"yoast_head":"<!-- This site is optimized with the Yoast SEO plugin v16.6.1 - https:\/\/yoast.com\/wordpress\/plugins\/seo\/ -->\n<title>Como o gestor p\u00fablico pode ser assertivo na comunica\u00e7\u00e3o? 10 dicas pr\u00e1ticas - Betha Blog<\/title>\n<meta name=\"robots\" content=\"index, follow, max-snippet:-1, max-image-preview:large, max-video-preview:-1\" \/>\n<link rel=\"canonical\" href=\"https:\/\/www.betha.com.br\/blog\/como-o-gestor-publico-pode-ser-assertivo-na-comunicacao-10-dicas-praticas\/\" \/>\n<meta property=\"og:locale\" content=\"pt_BR\" \/>\n<meta property=\"og:type\" content=\"article\" \/>\n<meta property=\"og:title\" content=\"Como o gestor p\u00fablico pode ser assertivo na comunica\u00e7\u00e3o? 10 dicas pr\u00e1ticas - Betha Blog\" \/>\n<meta property=\"og:description\" content=\"Na ess\u00eancia, para que a comunica\u00e7\u00e3o ocorra, n\u00e3o basta que o emissor envie a mensagem. O ponto chave \u00e9 o receptor receber e entender aquilo que o emissor comunicou. Na pr\u00e1tica, no entanto, este processo \u00e9 bem mais complexo. As pessoas entendem mensagens de formas diferentes, porque fazem associa\u00e7\u00f5es com mensagens anteriores, experi\u00eancias, cren\u00e7as, cultura, &hellip; Continue lendo &quot;Como o gestor p\u00fablico pode ser assertivo na comunica\u00e7\u00e3o? 10 dicas pr\u00e1ticas&quot;\" \/>\n<meta property=\"og:url\" content=\"https:\/\/www.betha.com.br\/blog\/como-o-gestor-publico-pode-ser-assertivo-na-comunicacao-10-dicas-praticas\/\" \/>\n<meta property=\"og:site_name\" content=\"Betha Blog\" \/>\n<meta property=\"article:published_time\" content=\"2017-11-21T02:00:00+00:00\" \/>\n<meta property=\"article:modified_time\" content=\"2021-10-28T12:49:31+00:00\" \/>\n<meta property=\"og:image\" content=\"https:\/\/www.betha.com.br\/blog\/wp-content\/uploads\/2017\/11\/blog-182.jpg\" \/>\n\t<meta property=\"og:image:width\" content=\"685\" \/>\n\t<meta property=\"og:image:height\" content=\"428\" \/>\n<meta name=\"twitter:card\" content=\"summary_large_image\" \/>\n<meta name=\"twitter:label1\" content=\"Est. reading time\" \/>\n\t<meta name=\"twitter:data1\" content=\"2 minutes\" \/>\n<script type=\"application\/ld+json\" class=\"yoast-schema-graph\">{\"@context\":\"https:\/\/schema.org\",\"@graph\":[{\"@type\":\"WebSite\",\"@id\":\"https:\/\/www.betha.com.br\/blog\/#website\",\"url\":\"https:\/\/www.betha.com.br\/blog\/\",\"name\":\"Betha Blog\",\"description\":\"\",\"potentialAction\":[{\"@type\":\"SearchAction\",\"target\":{\"@type\":\"EntryPoint\",\"urlTemplate\":\"https:\/\/www.betha.com.br\/blog\/?s={search_term_string}\"},\"query-input\":\"required name=search_term_string\"}],\"inLanguage\":\"pt-BR\"},{\"@type\":\"ImageObject\",\"@id\":\"https:\/\/www.betha.com.br\/blog\/como-o-gestor-publico-pode-ser-assertivo-na-comunicacao-10-dicas-praticas\/#primaryimage\",\"inLanguage\":\"pt-BR\",\"url\":\"https:\/\/www.betha.com.br\/blog\/wp-content\/uploads\/2017\/11\/blog-182.jpg\",\"contentUrl\":\"https:\/\/www.betha.com.br\/blog\/wp-content\/uploads\/2017\/11\/blog-182.jpg\",\"width\":685,\"height\":428},{\"@type\":\"WebPage\",\"@id\":\"https:\/\/www.betha.com.br\/blog\/como-o-gestor-publico-pode-ser-assertivo-na-comunicacao-10-dicas-praticas\/#webpage\",\"url\":\"https:\/\/www.betha.com.br\/blog\/como-o-gestor-publico-pode-ser-assertivo-na-comunicacao-10-dicas-praticas\/\",\"name\":\"Como o gestor p\\u00fablico pode ser assertivo na comunica\\u00e7\\u00e3o? 10 dicas pr\\u00e1ticas - Betha Blog\",\"isPartOf\":{\"@id\":\"https:\/\/www.betha.com.br\/blog\/#website\"},\"primaryImageOfPage\":{\"@id\":\"https:\/\/www.betha.com.br\/blog\/como-o-gestor-publico-pode-ser-assertivo-na-comunicacao-10-dicas-praticas\/#primaryimage\"},\"datePublished\":\"2017-11-21T02:00:00+00:00\",\"dateModified\":\"2021-10-28T12:49:31+00:00\",\"author\":{\"@id\":\"https:\/\/www.betha.com.br\/blog\/#\/schema\/person\/2322e8e21a02df1626e8a65899be53d1\"},\"breadcrumb\":{\"@id\":\"https:\/\/www.betha.com.br\/blog\/como-o-gestor-publico-pode-ser-assertivo-na-comunicacao-10-dicas-praticas\/#breadcrumb\"},\"inLanguage\":\"pt-BR\",\"potentialAction\":[{\"@type\":\"ReadAction\",\"target\":[\"https:\/\/www.betha.com.br\/blog\/como-o-gestor-publico-pode-ser-assertivo-na-comunicacao-10-dicas-praticas\/\"]}]},{\"@type\":\"BreadcrumbList\",\"@id\":\"https:\/\/www.betha.com.br\/blog\/como-o-gestor-publico-pode-ser-assertivo-na-comunicacao-10-dicas-praticas\/#breadcrumb\",\"itemListElement\":[{\"@type\":\"ListItem\",\"position\":1,\"name\":\"Home\",\"item\":\"https:\/\/www.betha.com.br\/blog\/\"},{\"@type\":\"ListItem\",\"position\":2,\"name\":\"Como o gestor p\\u00fablico pode ser assertivo na comunica\\u00e7\\u00e3o? 10 dicas pr\\u00e1ticas\"}]},{\"@type\":\"Person\",\"@id\":\"https:\/\/www.betha.com.br\/blog\/#\/schema\/person\/2322e8e21a02df1626e8a65899be53d1\",\"name\":\"Betha Sistemas\",\"image\":{\"@type\":\"ImageObject\",\"@id\":\"https:\/\/www.betha.com.br\/blog\/#personlogo\",\"inLanguage\":\"pt-BR\",\"url\":\"https:\/\/secure.gravatar.com\/avatar\/7b6c3c6f9f8998242c4ee7d95d1aa873?s=96&d=mm&r=g\",\"contentUrl\":\"https:\/\/secure.gravatar.com\/avatar\/7b6c3c6f9f8998242c4ee7d95d1aa873?s=96&d=mm&r=g\",\"caption\":\"Betha Sistemas\"},\"url\":\"https:\/\/www.betha.com.br\/blog\/author\/patricia-roldao\/\"}]}<\/script>\n<!-- \/ Yoast SEO plugin. -->","_links":{"self":[{"href":"https:\/\/www.betha.com.br\/blog\/wp-json\/wp\/v2\/posts\/177"}],"collection":[{"href":"https:\/\/www.betha.com.br\/blog\/wp-json\/wp\/v2\/posts"}],"about":[{"href":"https:\/\/www.betha.com.br\/blog\/wp-json\/wp\/v2\/types\/post"}],"author":[{"embeddable":true,"href":"https:\/\/www.betha.com.br\/blog\/wp-json\/wp\/v2\/users\/2"}],"replies":[{"embeddable":true,"href":"https:\/\/www.betha.com.br\/blog\/wp-json\/wp\/v2\/comments?post=177"}],"version-history":[{"count":2,"href":"https:\/\/www.betha.com.br\/blog\/wp-json\/wp\/v2\/posts\/177\/revisions"}],"predecessor-version":[{"id":2233,"href":"https:\/\/www.betha.com.br\/blog\/wp-json\/wp\/v2\/posts\/177\/revisions\/2233"}],"wp:featuredmedia":[{"embeddable":true,"href":"https:\/\/www.betha.com.br\/blog\/wp-json\/wp\/v2\/media\/2232"}],"wp:attachment":[{"href":"https:\/\/www.betha.com.br\/blog\/wp-json\/wp\/v2\/media?parent=177"}],"wp:term":[{"taxonomy":"category","embeddable":true,"href":"https:\/\/www.betha.com.br\/blog\/wp-json\/wp\/v2\/categories?post=177"},{"taxonomy":"post_tag","embeddable":true,"href":"https:\/\/www.betha.com.br\/blog\/wp-json\/wp\/v2\/tags?post=177"}],"curies":[{"name":"wp","href":"https:\/\/api.w.org\/{rel}","templated":true}]}}