{"id":77,"date":"2016-12-27T00:00:00","date_gmt":"2016-12-27T02:00:00","guid":{"rendered":"http:\/\/54.94.145.33\/blog\/gestor-tire-suas-duvidas-sobre-como-fazer-a-cobranca-do-iptu"},"modified":"2017-12-19T19:33:02","modified_gmt":"2017-12-19T22:33:02","slug":"gestor-tire-suas-duvidas-sobre-como-fazer-a-cobranca-do-iptu","status":"publish","type":"post","link":"https:\/\/www.betha.com.br\/blog\/gestor-tire-suas-duvidas-sobre-como-fazer-a-cobranca-do-iptu\/","title":{"rendered":"Gestor: tire suas d\u00favidas sobre como fazer a cobran\u00e7a do IPTU"},"content":{"rendered":"<p>Em janeiro os novos <span style=\"font-weight: bold;\">gestores municipais <\/span>assumem seus postos e, quase que imediatamente, uma preocupa\u00e7\u00e3o vem \u00e0 tona: como manter a m\u00e1quina p\u00fablica, trabalhando de forma a prover o bem-estar da popula\u00e7\u00e3o? Uma das formas de garantir os custeios da administra\u00e7\u00e3o \u00e9 por meio da <a href=\"http:\/\/www.betha.com.br\/produto\/arrecadacao-e-fiscalizacao\/tributos\" target=\"_blank\">arrecada\u00e7\u00e3o<\/a> do Imposto Predial e Territorial Urbano (IPTU), que tem o fato gerador no dia 1\u00ba de janeiro de cada ano, mas possui a cobran\u00e7a definida por cada gestor.<\/p>\n<p><\/p>\n<p>Conforme o analista de Neg\u00f3cios da Betha, Prot\u00e1sio Willi Pauli, a primeira medida que os administradores devem tomar \u00e9 verificar se o IPTU j\u00e1 foi lan\u00e7ado e se h\u00e1 um decreto definindo o calend\u00e1rio fiscal para cobran\u00e7a, com datas de vencimento e descontos. \u201cEles tamb\u00e9m precisam verificar se haver\u00e1 reajuste com rela\u00e7\u00e3o ao valor do ano anterior. Ap\u00f3s, devem firmar conv\u00eanio com uma ag\u00eancia banc\u00e1ria arrecadadora, para que seja poss\u00edvel a cobran\u00e7a, efetuar o lan\u00e7amento do imposto e notificar os contribuintes por meio de um edital. Al\u00e9m dessa notifica\u00e7\u00e3o ser uma exig\u00eancia legal, ela tamb\u00e9m deixar\u00e1 os cidad\u00e3os cientes\u201d, comenta o analista.<\/p>\n<p>&nbsp;<\/p>\n<p><span style=\"font-weight: bold;\">Per\u00edodos de cobran\u00e7a variam de cidade para cidade<\/span><\/p>\n<p><span style=\"font-weight: bold;\"><br \/><\/span><\/p>\n<p>Apesar do fato gerador do IPTU ser o mesmo para todos os munic\u00edpios, sempre em janeiro, n\u00e3o existe regra geral para a cobran\u00e7a do imposto. Sendo assim, cada prefeitura define o melhor per\u00edodo para o processo. \u201cGeralmente os munic\u00edpios do litoral aproveitam o per\u00edodo de ver\u00e3o para efetuar a cobran\u00e7a, j\u00e1 que nessa \u00e9poca os propriet\u00e1rios dos im\u00f3veis que n\u00e3o moram no local costumam estar por l\u00e1. Isso facilita a cobran\u00e7a e o esclarecimento de poss\u00edveis d\u00favidas\u201d, enfatiza Pauli, ao complementar que \u201cnormalmente no interior o lan\u00e7amento ocorre a partir de fevereiro, quando os moradores voltam de f\u00e9rias\u201d.<\/p>\n<p>&nbsp;<\/p>\n<p><span style=\"font-weight: bold;\">A import\u00e2ncia de um bom sistema<\/span><\/p>\n<p><span style=\"font-weight: bold;\"><br \/><\/span><\/p>\n<p>Para realizar a cobran\u00e7a da maneira mais efetiva poss\u00edvel, os gestores precisam contar com um sistema que atenda \u00e0s suas demandas. Um dos principais pontos que merece aten\u00e7\u00e3o \u00e9 se ele segue a legisla\u00e7\u00e3o, garantindo tranquilidade em toda e qualquer a\u00e7\u00e3o tomada. \u201cQuando o <span style=\"font-weight: bold;\">software<\/span> \u00e9 bom, ele gera raras contesta\u00e7\u00f5es de lan\u00e7amentos, pois os valores lan\u00e7ados est\u00e3o em sintonia com as exig\u00eancias do c\u00f3digo tribut\u00e1rio municipal\u201d, explana o analista.<\/p>\n<p><\/p>\n<p>Al\u00e9m do que, os softwares possuem rotinas que facilitam o acesso da <span style=\"font-weight: bold;\">administra\u00e7\u00e3o p\u00fablica<\/span> ao contribuinte, ou vice-versa, como a emiss\u00e3o dos carn\u00eas do IPTU pela Internet, sem a necessidade de se deslocar at\u00e9 a prefeitura para isso.<\/p>\n<p><\/p>\n","protected":false},"excerpt":{"rendered":"<p>Em janeiro os novos gestores municipais assumem seus postos e, quase que imediatamente, uma preocupa\u00e7\u00e3o vem \u00e0 tona: como manter a m\u00e1quina p\u00fablica, trabalhando de forma a prover o bem-estar da popula\u00e7\u00e3o? Uma das formas de garantir os custeios da administra\u00e7\u00e3o \u00e9 por meio da arrecada\u00e7\u00e3o do Imposto Predial e Territorial Urbano (IPTU), que tem &hellip; <\/p>\n<p class=\"link-more\"><a href=\"https:\/\/www.betha.com.br\/blog\/gestor-tire-suas-duvidas-sobre-como-fazer-a-cobranca-do-iptu\/\" class=\"more-link\">Continue lendo<span class=\"screen-reader-text\"> &#8220;Gestor: tire suas d\u00favidas sobre como fazer a cobran\u00e7a do IPTU&#8221;<\/span><\/a><\/p>\n","protected":false},"author":14,"featured_media":193,"comment_status":"open","ping_status":"open","sticky":false,"template":"","format":"standard","meta":[],"categories":[19],"tags":[15],"yoast_head":"<!-- This site is optimized with the Yoast SEO plugin v16.6.1 - https:\/\/yoast.com\/wordpress\/plugins\/seo\/ -->\n<title>Gestor: tire suas d\u00favidas sobre como fazer a cobran\u00e7a do IPTU - Betha Blog<\/title>\n<meta name=\"robots\" content=\"index, follow, max-snippet:-1, max-image-preview:large, max-video-preview:-1\" \/>\n<link rel=\"canonical\" href=\"https:\/\/www.betha.com.br\/blog\/gestor-tire-suas-duvidas-sobre-como-fazer-a-cobranca-do-iptu\/\" \/>\n<meta property=\"og:locale\" content=\"pt_BR\" \/>\n<meta property=\"og:type\" content=\"article\" \/>\n<meta property=\"og:title\" content=\"Gestor: tire suas d\u00favidas sobre como fazer a cobran\u00e7a do IPTU - Betha Blog\" \/>\n<meta property=\"og:description\" content=\"Em janeiro os novos gestores municipais assumem seus postos e, quase que imediatamente, uma preocupa\u00e7\u00e3o vem \u00e0 tona: como manter a m\u00e1quina p\u00fablica, trabalhando de forma a prover o bem-estar da popula\u00e7\u00e3o? Uma das formas de garantir os custeios da administra\u00e7\u00e3o \u00e9 por meio da arrecada\u00e7\u00e3o do Imposto Predial e Territorial Urbano (IPTU), que tem &hellip; Continue lendo &quot;Gestor: tire suas d\u00favidas sobre como fazer a cobran\u00e7a do IPTU&quot;\" \/>\n<meta property=\"og:url\" content=\"https:\/\/www.betha.com.br\/blog\/gestor-tire-suas-duvidas-sobre-como-fazer-a-cobranca-do-iptu\/\" \/>\n<meta property=\"og:site_name\" content=\"Betha Blog\" \/>\n<meta property=\"article:author\" content=\"https:\/\/www.facebook.com\/bethasistemas\" \/>\n<meta property=\"article:published_time\" content=\"-0001-11-30T00:00:00+00:00\" \/>\n<meta name=\"twitter:card\" content=\"summary_large_image\" \/>\n<meta name=\"twitter:image\" content=\"https:\/\/www.betha.com.br\/blog\/wp-content\/uploads\/legacy\/uploads\/post\/ba5caa6c00518c3440cc69dd1c5a5b62.jpg\" \/>\n<meta name=\"twitter:creator\" content=\"@BethaSistemas\" \/>\n<meta name=\"twitter:label1\" content=\"Est. reading time\" \/>\n\t<meta name=\"twitter:data1\" content=\"2 minutes\" \/>\n<script type=\"application\/ld+json\" class=\"yoast-schema-graph\">{\"@context\":\"https:\/\/schema.org\",\"@graph\":[{\"@type\":\"WebSite\",\"@id\":\"https:\/\/www.betha.com.br\/blog\/#website\",\"url\":\"https:\/\/www.betha.com.br\/blog\/\",\"name\":\"Betha Blog\",\"description\":\"\",\"potentialAction\":[{\"@type\":\"SearchAction\",\"target\":{\"@type\":\"EntryPoint\",\"urlTemplate\":\"https:\/\/www.betha.com.br\/blog\/?s={search_term_string}\"},\"query-input\":\"required name=search_term_string\"}],\"inLanguage\":\"pt-BR\"},{\"@type\":\"ImageObject\",\"@id\":\"https:\/\/www.betha.com.br\/blog\/gestor-tire-suas-duvidas-sobre-como-fazer-a-cobranca-do-iptu\/#primaryimage\",\"inLanguage\":\"pt-BR\",\"url\":\"https:\/\/www.betha.com.br\/blog\/wp-content\/uploads\/legacy\/uploads\/post\/ba5caa6c00518c3440cc69dd1c5a5b62.jpg\",\"contentUrl\":\"https:\/\/www.betha.com.br\/blog\/wp-content\/uploads\/legacy\/uploads\/post\/ba5caa6c00518c3440cc69dd1c5a5b62.jpg\"},{\"@type\":\"WebPage\",\"@id\":\"https:\/\/www.betha.com.br\/blog\/gestor-tire-suas-duvidas-sobre-como-fazer-a-cobranca-do-iptu\/#webpage\",\"url\":\"https:\/\/www.betha.com.br\/blog\/gestor-tire-suas-duvidas-sobre-como-fazer-a-cobranca-do-iptu\/\",\"name\":\"Gestor: tire suas d\\u00favidas sobre como fazer a cobran\\u00e7a do IPTU - Betha Blog\",\"isPartOf\":{\"@id\":\"https:\/\/www.betha.com.br\/blog\/#website\"},\"primaryImageOfPage\":{\"@id\":\"https:\/\/www.betha.com.br\/blog\/gestor-tire-suas-duvidas-sobre-como-fazer-a-cobranca-do-iptu\/#primaryimage\"},\"datePublished\":\"-0001-11-30T00:00:00+00:00\",\"dateModified\":\"-0001-11-30T00:00:00+00:00\",\"author\":{\"@id\":\"https:\/\/www.betha.com.br\/blog\/#\/schema\/person\/0bf9f68d7785828afd1940d7f16d5503\"},\"breadcrumb\":{\"@id\":\"https:\/\/www.betha.com.br\/blog\/gestor-tire-suas-duvidas-sobre-como-fazer-a-cobranca-do-iptu\/#breadcrumb\"},\"inLanguage\":\"pt-BR\",\"potentialAction\":[{\"@type\":\"ReadAction\",\"target\":[\"https:\/\/www.betha.com.br\/blog\/gestor-tire-suas-duvidas-sobre-como-fazer-a-cobranca-do-iptu\/\"]}]},{\"@type\":\"BreadcrumbList\",\"@id\":\"https:\/\/www.betha.com.br\/blog\/gestor-tire-suas-duvidas-sobre-como-fazer-a-cobranca-do-iptu\/#breadcrumb\",\"itemListElement\":[{\"@type\":\"ListItem\",\"position\":1,\"name\":\"Home\",\"item\":\"https:\/\/www.betha.com.br\/blog\/\"},{\"@type\":\"ListItem\",\"position\":2,\"name\":\"Gestor: tire suas d\\u00favidas sobre como fazer a cobran\\u00e7a do IPTU\"}]},{\"@type\":\"Person\",\"@id\":\"https:\/\/www.betha.com.br\/blog\/#\/schema\/person\/0bf9f68d7785828afd1940d7f16d5503\",\"name\":\"Betha Sistemas\",\"image\":{\"@type\":\"ImageObject\",\"@id\":\"https:\/\/www.betha.com.br\/blog\/#personlogo\",\"inLanguage\":\"pt-BR\",\"url\":\"https:\/\/secure.gravatar.com\/avatar\/e35d0c0e2f87810dca80666b11f380e9?s=96&d=mm&r=g\",\"contentUrl\":\"https:\/\/secure.gravatar.com\/avatar\/e35d0c0e2f87810dca80666b11f380e9?s=96&d=mm&r=g\",\"caption\":\"Betha Sistemas\"},\"description\":\"A Betha Sistemas \\u00e9 especialista no desenvolvimento de solu\\u00e7\\u00f5es de tecnologia para a gest\\u00e3o p\\u00fablica. Conta com um portf\\u00f3lio de mais de 47 sistemas e seis aplicativos mobile, que tornam as atividades dos gestores e servidores p\\u00fablicos mais eficientes. Para oferecer ao mercado os melhores produtos, a Betha utiliza tecnologia cloud, machine learning, big data, internet das coisas, intelig\\u00eancia artificial e reconhecimento de voz e facial. Possui 36 anos de hist\\u00f3ria, 600 colaboradores diretos, matriz em Crici\\u00fama\/SC, sete filiais, 22 revendas parceiras, mais de 3 mil clientes, mais de 1,4 milh\\u00e3o de usu\\u00e1rios e est\\u00e1 presente em 22 estados brasileiros. Para saber mais, acesse a p\\u00e1gina oficial da empresa: https:\/\/www.betha.com.br\/.\",\"sameAs\":[\"https:\/\/www.betha.com.br\/\",\"https:\/\/www.facebook.com\/bethasistemas\",\"https:\/\/www.instagram.com\/bethasistemas\/\",\"https:\/\/www.linkedin.com\/company\/betha-sistemas\/?viewAsMember=true\",\"https:\/\/twitter.com\/@BethaSistemas\",\"https:\/\/www.youtube.com\/bethasistemas\"],\"url\":\"https:\/\/www.betha.com.br\/blog\/author\/betha-sistemas-2\/\"}]}<\/script>\n<!-- \/ Yoast SEO plugin. -->","_links":{"self":[{"href":"https:\/\/www.betha.com.br\/blog\/wp-json\/wp\/v2\/posts\/77"}],"collection":[{"href":"https:\/\/www.betha.com.br\/blog\/wp-json\/wp\/v2\/posts"}],"about":[{"href":"https:\/\/www.betha.com.br\/blog\/wp-json\/wp\/v2\/types\/post"}],"author":[{"embeddable":true,"href":"https:\/\/www.betha.com.br\/blog\/wp-json\/wp\/v2\/users\/14"}],"replies":[{"embeddable":true,"href":"https:\/\/www.betha.com.br\/blog\/wp-json\/wp\/v2\/comments?post=77"}],"version-history":[{"count":0,"href":"https:\/\/www.betha.com.br\/blog\/wp-json\/wp\/v2\/posts\/77\/revisions"}],"wp:featuredmedia":[{"embeddable":true,"href":"https:\/\/www.betha.com.br\/blog\/wp-json\/wp\/v2\/media\/193"}],"wp:attachment":[{"href":"https:\/\/www.betha.com.br\/blog\/wp-json\/wp\/v2\/media?parent=77"}],"wp:term":[{"taxonomy":"category","embeddable":true,"href":"https:\/\/www.betha.com.br\/blog\/wp-json\/wp\/v2\/categories?post=77"},{"taxonomy":"post_tag","embeddable":true,"href":"https:\/\/www.betha.com.br\/blog\/wp-json\/wp\/v2\/tags?post=77"}],"curies":[{"name":"wp","href":"https:\/\/api.w.org\/{rel}","templated":true}]}}