{"id":816,"date":"2018-05-28T14:42:50","date_gmt":"2018-05-28T17:42:50","guid":{"rendered":"https:\/\/www.betha.com.br\/blog\/?p=816"},"modified":"2021-10-26T11:05:31","modified_gmt":"2021-10-26T14:05:31","slug":"arrecadacao-municipal-por-meio-da-cobranca-da-divida-ativa","status":"publish","type":"post","link":"https:\/\/www.betha.com.br\/blog\/arrecadacao-municipal-por-meio-da-cobranca-da-divida-ativa\/","title":{"rendered":"Arrecada\u00e7\u00e3o municipal por meio da cobran\u00e7a da D\u00edvida Ativa"},"content":{"rendered":"<h3>Em tempos de instabilidade econ\u00f4mica, aumentar a arrecada\u00e7\u00e3o municipal \u00e9 um dos maiores desafios para os gestores p\u00fablicos. Uma das formas de fazer isso \u00e9 por meio da cobran\u00e7a de valores devidos por quem est\u00e1 inscrito na&nbsp;<strong>D\u00edvida Ativa<\/strong>.<\/h3>\n<h3>Os recursos, provenientes de cr\u00e9ditos extintos ou que n\u00e3o foram quitados dentro do prazo previsto na legisla\u00e7\u00e3o, podem ser um importante aliado em momentos de recess\u00e3o.<\/h3>\n<h3><a href=\"http:\/\/conteudo.betha.com.br\/ebook-segredos-da-divida-ativa\">Acesse o material exclusivo<\/a> que preparamos para voc\u00ea saber mais sobre esta forma de arrecada\u00e7\u00e3o para sua cidade:<\/h3>\n<p>&nbsp;<\/p>\n<div id=\"ebook-segredos-da-divida-ativa-b6e78c28c4099b371b47\"><\/div>\n<p><script type=\"text\/javascript\" src=\"https:\/\/d335luupugsy2.cloudfront.net\/js\/rdstation-forms\/stable\/rdstation-forms.min.js\"><\/script><br \/>\n<script type=\"text\/javascript\"><br \/>\n  new RDStationForms('ebook-segredos-da-divida-ativa-b6e78c28c4099b371b47-html', 'UA-534994-1').createForm();<br \/>\n<\/script><\/p>\n","protected":false},"excerpt":{"rendered":"<p>Em tempos de instabilidade econ\u00f4mica, aumentar a arrecada\u00e7\u00e3o municipal \u00e9 um dos maiores desafios para os gestores p\u00fablicos. Uma das formas de fazer isso \u00e9 por meio da cobran\u00e7a de valores devidos por quem est\u00e1 inscrito na&nbsp;D\u00edvida Ativa. Os recursos, provenientes de cr\u00e9ditos extintos ou que n\u00e3o foram quitados dentro do prazo previsto na legisla\u00e7\u00e3o, &hellip; <\/p>\n<p class=\"link-more\"><a href=\"https:\/\/www.betha.com.br\/blog\/arrecadacao-municipal-por-meio-da-cobranca-da-divida-ativa\/\" class=\"more-link\">Continue lendo<span class=\"screen-reader-text\"> &#8220;Arrecada\u00e7\u00e3o municipal por meio da cobran\u00e7a da D\u00edvida Ativa&#8221;<\/span><\/a><\/p>\n","protected":false},"author":2,"featured_media":2148,"comment_status":"open","ping_status":"open","sticky":false,"template":"","format":"standard","meta":[],"categories":[31],"tags":[35,34],"yoast_head":"<!-- This site is optimized with the Yoast SEO plugin v16.6.1 - https:\/\/yoast.com\/wordpress\/plugins\/seo\/ -->\n<title>Arrecada\u00e7\u00e3o municipal por meio da cobran\u00e7a da D\u00edvida Ativa - Betha Blog<\/title>\n<meta name=\"robots\" content=\"index, follow, max-snippet:-1, max-image-preview:large, max-video-preview:-1\" \/>\n<link rel=\"canonical\" href=\"https:\/\/www.betha.com.br\/blog\/arrecadacao-municipal-por-meio-da-cobranca-da-divida-ativa\/\" \/>\n<meta property=\"og:locale\" content=\"pt_BR\" \/>\n<meta property=\"og:type\" content=\"article\" \/>\n<meta property=\"og:title\" content=\"Arrecada\u00e7\u00e3o municipal por meio da cobran\u00e7a da D\u00edvida Ativa - Betha Blog\" \/>\n<meta property=\"og:description\" content=\"Em tempos de instabilidade econ\u00f4mica, aumentar a arrecada\u00e7\u00e3o municipal \u00e9 um dos maiores desafios para os gestores p\u00fablicos. Uma das formas de fazer isso \u00e9 por meio da cobran\u00e7a de valores devidos por quem est\u00e1 inscrito na&nbsp;D\u00edvida Ativa. Os recursos, provenientes de cr\u00e9ditos extintos ou que n\u00e3o foram quitados dentro do prazo previsto na legisla\u00e7\u00e3o, &hellip; Continue lendo &quot;Arrecada\u00e7\u00e3o municipal por meio da cobran\u00e7a da D\u00edvida Ativa&quot;\" \/>\n<meta property=\"og:url\" content=\"https:\/\/www.betha.com.br\/blog\/arrecadacao-municipal-por-meio-da-cobranca-da-divida-ativa\/\" \/>\n<meta property=\"og:site_name\" content=\"Betha Blog\" \/>\n<meta property=\"article:published_time\" content=\"2018-05-28T17:42:50+00:00\" \/>\n<meta property=\"article:modified_time\" content=\"2021-10-26T14:05:31+00:00\" \/>\n<meta property=\"og:image\" content=\"https:\/\/www.betha.com.br\/blog\/wp-content\/uploads\/2018\/05\/blog-141.jpg\" \/>\n\t<meta property=\"og:image:width\" content=\"700\" \/>\n\t<meta property=\"og:image:height\" content=\"467\" \/>\n<meta name=\"twitter:card\" content=\"summary_large_image\" \/>\n<meta name=\"twitter:label1\" content=\"Est. reading time\" \/>\n\t<meta name=\"twitter:data1\" content=\"1 minute\" \/>\n<script type=\"application\/ld+json\" class=\"yoast-schema-graph\">{\"@context\":\"https:\/\/schema.org\",\"@graph\":[{\"@type\":\"WebSite\",\"@id\":\"https:\/\/www.betha.com.br\/blog\/#website\",\"url\":\"https:\/\/www.betha.com.br\/blog\/\",\"name\":\"Betha Blog\",\"description\":\"\",\"potentialAction\":[{\"@type\":\"SearchAction\",\"target\":{\"@type\":\"EntryPoint\",\"urlTemplate\":\"https:\/\/www.betha.com.br\/blog\/?s={search_term_string}\"},\"query-input\":\"required name=search_term_string\"}],\"inLanguage\":\"pt-BR\"},{\"@type\":\"ImageObject\",\"@id\":\"https:\/\/www.betha.com.br\/blog\/arrecadacao-municipal-por-meio-da-cobranca-da-divida-ativa\/#primaryimage\",\"inLanguage\":\"pt-BR\",\"url\":\"https:\/\/www.betha.com.br\/blog\/wp-content\/uploads\/2018\/05\/blog-141.jpg\",\"contentUrl\":\"https:\/\/www.betha.com.br\/blog\/wp-content\/uploads\/2018\/05\/blog-141.jpg\",\"width\":700,\"height\":467},{\"@type\":\"WebPage\",\"@id\":\"https:\/\/www.betha.com.br\/blog\/arrecadacao-municipal-por-meio-da-cobranca-da-divida-ativa\/#webpage\",\"url\":\"https:\/\/www.betha.com.br\/blog\/arrecadacao-municipal-por-meio-da-cobranca-da-divida-ativa\/\",\"name\":\"Arrecada\\u00e7\\u00e3o municipal por meio da cobran\\u00e7a da D\\u00edvida Ativa - Betha Blog\",\"isPartOf\":{\"@id\":\"https:\/\/www.betha.com.br\/blog\/#website\"},\"primaryImageOfPage\":{\"@id\":\"https:\/\/www.betha.com.br\/blog\/arrecadacao-municipal-por-meio-da-cobranca-da-divida-ativa\/#primaryimage\"},\"datePublished\":\"2018-05-28T17:42:50+00:00\",\"dateModified\":\"2021-10-26T14:05:31+00:00\",\"author\":{\"@id\":\"https:\/\/www.betha.com.br\/blog\/#\/schema\/person\/2322e8e21a02df1626e8a65899be53d1\"},\"breadcrumb\":{\"@id\":\"https:\/\/www.betha.com.br\/blog\/arrecadacao-municipal-por-meio-da-cobranca-da-divida-ativa\/#breadcrumb\"},\"inLanguage\":\"pt-BR\",\"potentialAction\":[{\"@type\":\"ReadAction\",\"target\":[\"https:\/\/www.betha.com.br\/blog\/arrecadacao-municipal-por-meio-da-cobranca-da-divida-ativa\/\"]}]},{\"@type\":\"BreadcrumbList\",\"@id\":\"https:\/\/www.betha.com.br\/blog\/arrecadacao-municipal-por-meio-da-cobranca-da-divida-ativa\/#breadcrumb\",\"itemListElement\":[{\"@type\":\"ListItem\",\"position\":1,\"name\":\"Home\",\"item\":\"https:\/\/www.betha.com.br\/blog\/\"},{\"@type\":\"ListItem\",\"position\":2,\"name\":\"Arrecada\\u00e7\\u00e3o municipal por meio da cobran\\u00e7a da D\\u00edvida Ativa\"}]},{\"@type\":\"Person\",\"@id\":\"https:\/\/www.betha.com.br\/blog\/#\/schema\/person\/2322e8e21a02df1626e8a65899be53d1\",\"name\":\"Betha Sistemas\",\"image\":{\"@type\":\"ImageObject\",\"@id\":\"https:\/\/www.betha.com.br\/blog\/#personlogo\",\"inLanguage\":\"pt-BR\",\"url\":\"https:\/\/secure.gravatar.com\/avatar\/7b6c3c6f9f8998242c4ee7d95d1aa873?s=96&d=mm&r=g\",\"contentUrl\":\"https:\/\/secure.gravatar.com\/avatar\/7b6c3c6f9f8998242c4ee7d95d1aa873?s=96&d=mm&r=g\",\"caption\":\"Betha Sistemas\"},\"url\":\"https:\/\/www.betha.com.br\/blog\/author\/patricia-roldao\/\"}]}<\/script>\n<!-- \/ Yoast SEO plugin. -->","_links":{"self":[{"href":"https:\/\/www.betha.com.br\/blog\/wp-json\/wp\/v2\/posts\/816"}],"collection":[{"href":"https:\/\/www.betha.com.br\/blog\/wp-json\/wp\/v2\/posts"}],"about":[{"href":"https:\/\/www.betha.com.br\/blog\/wp-json\/wp\/v2\/types\/post"}],"author":[{"embeddable":true,"href":"https:\/\/www.betha.com.br\/blog\/wp-json\/wp\/v2\/users\/2"}],"replies":[{"embeddable":true,"href":"https:\/\/www.betha.com.br\/blog\/wp-json\/wp\/v2\/comments?post=816"}],"version-history":[{"count":4,"href":"https:\/\/www.betha.com.br\/blog\/wp-json\/wp\/v2\/posts\/816\/revisions"}],"predecessor-version":[{"id":2149,"href":"https:\/\/www.betha.com.br\/blog\/wp-json\/wp\/v2\/posts\/816\/revisions\/2149"}],"wp:featuredmedia":[{"embeddable":true,"href":"https:\/\/www.betha.com.br\/blog\/wp-json\/wp\/v2\/media\/2148"}],"wp:attachment":[{"href":"https:\/\/www.betha.com.br\/blog\/wp-json\/wp\/v2\/media?parent=816"}],"wp:term":[{"taxonomy":"category","embeddable":true,"href":"https:\/\/www.betha.com.br\/blog\/wp-json\/wp\/v2\/categories?post=816"},{"taxonomy":"post_tag","embeddable":true,"href":"https:\/\/www.betha.com.br\/blog\/wp-json\/wp\/v2\/tags?post=816"}],"curies":[{"name":"wp","href":"https:\/\/api.w.org\/{rel}","templated":true}]}}